{"id":2467,"date":"2023-03-05T20:09:38","date_gmt":"2023-03-05T19:09:38","guid":{"rendered":"https:\/\/test2.fuve.cz\/?p=2467"},"modified":"2023-03-05T20:09:38","modified_gmt":"2023-03-05T19:09:38","slug":"fve-15kwp","status":"publish","type":"post","link":"https:\/\/wp2.emouse.eu\/?p=2467","title":{"rendered":"FVE 15 kWp"},"content":{"rendered":"\n<p>V\u00fdrobn\u00ed FVE o v\u00fdkonu 15 kWp se symetrick\u00fdm v\u00fdrobn\u00edm st\u0159\u00edda\u010dem. Vyroben\u00e1 elekt\u0159ina je ur\u010den\u00e1 k prodeji. O\u010dek\u00e1van\u00fd v\u00fdnos za 20 let provozu je cca 2 100 000 K\u010d tzn. 105 000 K\u010d ro\u010dn\u011b.<\/p>\n\n\n\n<p>Kr\u00e1lovehradeck\u00e1 kraj<\/p>\n\n\n\n<figure class=\"wp-block-image size-full\"><img loading=\"lazy\" decoding=\"async\" width=\"1124\" height=\"633\" src=\"https:\/\/fuve.cz\/\/wp-content\/uploads\/2023\/03\/IMG_20230120_151750.webp\" alt=\"\" class=\"wp-image-3100\" srcset=\"https:\/\/wp2.emouse.eu\/wp-content\/uploads\/2023\/03\/IMG_20230120_151750.webp 1124w, https:\/\/wp2.emouse.eu\/wp-content\/uploads\/2023\/03\/IMG_20230120_151750-300x169.webp 300w, https:\/\/wp2.emouse.eu\/wp-content\/uploads\/2023\/03\/IMG_20230120_151750-1024x577.webp 1024w, https:\/\/wp2.emouse.eu\/wp-content\/uploads\/2023\/03\/IMG_20230120_151750-768x433.webp 768w\" sizes=\"auto, (max-width: 1124px) 100vw, 1124px\" \/><figcaption class=\"wp-element-caption\">Wallboxy EVCUBE S<\/figcaption><\/figure>\n\n\n\n<figure class=\"wp-block-image size-full\"><img loading=\"lazy\" decoding=\"async\" width=\"1000\" height=\"563\" src=\"https:\/\/fuve.cz\/\/wp-content\/uploads\/2023\/03\/IMG_20230205_092745.webp\" alt=\"\" class=\"wp-image-3095\" srcset=\"https:\/\/wp2.emouse.eu\/wp-content\/uploads\/2023\/03\/IMG_20230205_092745.webp 1000w, https:\/\/wp2.emouse.eu\/wp-content\/uploads\/2023\/03\/IMG_20230205_092745-300x169.webp 300w, https:\/\/wp2.emouse.eu\/wp-content\/uploads\/2023\/03\/IMG_20230205_092745-768x432.webp 768w\" sizes=\"auto, (max-width: 1000px) 100vw, 1000px\" \/><figcaption class=\"wp-element-caption\">Konstrukce na terase<\/figcaption><\/figure>\n\n\n\n<figure class=\"wp-block-image size-full\"><img loading=\"lazy\" decoding=\"async\" width=\"1000\" height=\"562\" src=\"https:\/\/fuve.cz\/\/wp-content\/uploads\/2023\/03\/IMG_20230205_152626.webp\" alt=\"\" class=\"wp-image-3096\" srcset=\"https:\/\/wp2.emouse.eu\/wp-content\/uploads\/2023\/03\/IMG_20230205_152626.webp 1000w, https:\/\/wp2.emouse.eu\/wp-content\/uploads\/2023\/03\/IMG_20230205_152626-300x169.webp 300w, https:\/\/wp2.emouse.eu\/wp-content\/uploads\/2023\/03\/IMG_20230205_152626-768x432.webp 768w\" sizes=\"auto, (max-width: 1000px) 100vw, 1000px\" \/><figcaption class=\"wp-element-caption\">Rozvad\u011b\u010d a st\u0159\u00edda\u010d Growatt v technick\u00e9 m\u00edstnosti<\/figcaption><\/figure>\n\n\n\n<figure class=\"wp-block-image size-full\"><img loading=\"lazy\" decoding=\"async\" width=\"1000\" height=\"562\" src=\"https:\/\/fuve.cz\/\/wp-content\/uploads\/2023\/03\/1679517815722.webp\" alt=\"\" class=\"wp-image-3097\" srcset=\"https:\/\/wp2.emouse.eu\/wp-content\/uploads\/2023\/03\/1679517815722.webp 1000w, https:\/\/wp2.emouse.eu\/wp-content\/uploads\/2023\/03\/1679517815722-300x169.webp 300w, https:\/\/wp2.emouse.eu\/wp-content\/uploads\/2023\/03\/1679517815722-768x432.webp 768w\" sizes=\"auto, (max-width: 1000px) 100vw, 1000px\" \/><figcaption class=\"wp-element-caption\">FVE v kombinaci na st\u0159e\u0161e a terase<\/figcaption><\/figure>\n\n\n\n<div class=\"wp-block-group\"><div class=\"wp-block-group__inner-container is-layout-constrained wp-block-group-is-layout-constrained\">\n<div class=\"wp-block-columns is-layout-flex wp-container-core-columns-is-layout-9d6595d7 wp-block-columns-is-layout-flex\">\n<div class=\"wp-block-column is-layout-flow wp-block-column-is-layout-flow\" style=\"flex-basis:100%\">\n<figure class=\"wp-block-gallery has-nested-images columns-default is-cropped wp-block-gallery-1 is-layout-flex wp-block-gallery-is-layout-flex\"><\/figure>\n<\/div>\n<\/div>\n<\/div><\/div>\n","protected":false},"excerpt":{"rendered":"<p>V\u00fdrobn\u00ed FVE o v\u00fdkonu 15 kWp se symetrick\u00fdm v\u00fdrobn\u00edm st\u0159\u00edda\u010dem. Vyroben\u00e1 elekt\u0159ina je ur\u010den\u00e1 k prodeji. O\u010dek\u00e1van\u00fd v\u00fdnos za 20 let provozu je cca 2 100 000 K\u010d tzn. 105 000 K\u010d ro\u010dn\u011b. Kr\u00e1lovehradeck\u00e1 kraj<\/p>\n","protected":false},"author":1,"featured_media":3096,"comment_status":"closed","ping_status":"closed","sticky":false,"template":"","format":"standard","meta":{"_kadence_starter_templates_imported_post":false,"_kad_post_transparent":"","_kad_post_title":"","_kad_post_layout":"","_kad_post_sidebar_id":"","_kad_post_content_style":"","_kad_post_vertical_padding":"","_kad_post_feature":"","_kad_post_feature_position":"","_kad_post_header":false,"_kad_post_footer":false,"_kad_post_classname":"","footnotes":""},"categories":[5],"tags":[10,11,18],"class_list":["post-2467","post","type-post","status-publish","format-standard","has-post-thumbnail","hentry","category-reference","tag-ac-wallbox","tag-fotovoltaika","tag-solarni-elektrarny"],"_links":{"self":[{"href":"https:\/\/wp2.emouse.eu\/index.php?rest_route=\/wp\/v2\/posts\/2467","targetHints":{"allow":["GET"]}}],"collection":[{"href":"https:\/\/wp2.emouse.eu\/index.php?rest_route=\/wp\/v2\/posts"}],"about":[{"href":"https:\/\/wp2.emouse.eu\/index.php?rest_route=\/wp\/v2\/types\/post"}],"author":[{"embeddable":true,"href":"https:\/\/wp2.emouse.eu\/index.php?rest_route=\/wp\/v2\/users\/1"}],"replies":[{"embeddable":true,"href":"https:\/\/wp2.emouse.eu\/index.php?rest_route=%2Fwp%2Fv2%2Fcomments&post=2467"}],"version-history":[{"count":0,"href":"https:\/\/wp2.emouse.eu\/index.php?rest_route=\/wp\/v2\/posts\/2467\/revisions"}],"wp:featuredmedia":[{"embeddable":true,"href":"https:\/\/wp2.emouse.eu\/index.php?rest_route=\/wp\/v2\/media\/3096"}],"wp:attachment":[{"href":"https:\/\/wp2.emouse.eu\/index.php?rest_route=%2Fwp%2Fv2%2Fmedia&parent=2467"}],"wp:term":[{"taxonomy":"category","embeddable":true,"href":"https:\/\/wp2.emouse.eu\/index.php?rest_route=%2Fwp%2Fv2%2Fcategories&post=2467"},{"taxonomy":"post_tag","embeddable":true,"href":"https:\/\/wp2.emouse.eu\/index.php?rest_route=%2Fwp%2Fv2%2Ftags&post=2467"}],"curies":[{"name":"wp","href":"https:\/\/api.w.org\/{rel}","templated":true}]}}